{"id":2298,"date":"2023-07-08T15:46:49","date_gmt":"2023-07-08T13:46:49","guid":{"rendered":"http:\/\/localhost:8888\/brochure-site\/?p=2298"},"modified":"2024-10-04T11:46:26","modified_gmt":"2024-10-04T09:46:26","slug":"appartement-a-dourdan-91","status":"publish","type":"post","link":"https:\/\/delebarrearchitecture.fr\/index.php\/2023\/07\/08\/appartement-a-dourdan-91\/","title":{"rendered":"Appartement Dourdan (91)"},"content":{"rendered":"\n<div class=\"wp-block-uagb-container uagb-block-461fb412 default uagb-is-root-container\">\n<div class=\"wp-block-uagb-container uagb-block-25f7d91c\">\n<div class=\"wp-block-uagb-container uagb-block-e1993e64\">\n<div class=\"wp-block-uagb-advanced-heading uagb-block-d08cf26d\"><h2 class=\"uagb-heading-text\">Probl\u00e9matique : Un appartement vieillissant mal agenc\u00e9 <\/h2><\/div>\n\n\n\n<div class=\"wp-block-uagb-info-box uagb-block-edb37b68 uagb-infobox__content-wrap  uagb-infobox-icon-above-title uagb-infobox-image-valign-top\"><div class=\"uagb-ifb-content\"><div class=\"uagb-ifb-title-wrap\"><\/div><p class=\"uagb-ifb-desc\">L&rsquo;appartement avait besoin d&rsquo;une r\u00e9habilitation compl\u00e8te. Il \u00e9tait compos\u00e9 d&rsquo;\u00e9quipements hors d&rsquo;\u00e2ge et d&rsquo;usage. L&rsquo;organisation des pi\u00e8ces n&rsquo;\u00e9tait vraiment pas agr\u00e9able \u00e0 vivre (cuisine sans lumi\u00e8re naturelle restreinte au minimum, espace de s\u00e9jour inexistant etc.). Le potentiel \u00e9tait l\u00e0 avec le cachet de l&rsquo;ancien, il fallait donc tout repenser et mettre en valeur les points forts.  <\/p><\/div><\/div>\n\n\n\n<div class=\"wp-block-uagb-advanced-heading uagb-block-acbb6d2f\"><h2 class=\"uagb-heading-text\">Le projet : Revoir l&rsquo;am\u00e9nagement global et mettre en valeur le cachet ancien<\/h2><\/div>\n\n\n\n<div class=\"wp-block-uagb-blockquote uagb-block-e626bf35 uagb-blockquote__skin-quotation uagb-blockquote__align-left uagb-blockquote__style-style_2 uagb-blockquote__stack-img-none\"><blockquote class=\"uagb-blockquote\"><span class=\"uagb-blockquote__icon\"><svg width=\"20\" height=\"20\" viewBox=\"0 0 32 32\"><path d=\"M7.031 14c3.866 0 7 3.134 7 7s-3.134 7-7 7-7-3.134-7-7l-0.031-1c0-7.732 6.268-14 14-14v4c-2.671 0-5.182 1.040-7.071 2.929-0.364 0.364-0.695 0.751-0.995 1.157 0.357-0.056 0.724-0.086 1.097-0.086zM25.031 14c3.866 0 7 3.134 7 7s-3.134 7-7 7-7-3.134-7-7l-0.031-1c0-7.732 6.268-14 14-14v4c-2.671 0-5.182 1.040-7.071 2.929-0.364 0.364-0.695 0.751-0.995 1.157 0.358-0.056 0.724-0.086 1.097-0.086z\"><\/path><\/svg><\/span><div class=\"uagb-blockquote__content\"><strong>Le + de l&rsquo;architecte :<\/strong><br>Voir au del\u00e0 des apparences et repartir sur une page blanche. Le concept de ce projet : faire table rase et ne consid\u00e9rer que l&rsquo;enveloppe globale et les \u00e9l\u00e9ments architecturaux anciens remarquables. Le plan est totalement revu et n&rsquo;a plus rien \u00e0 voir avec l&rsquo;existant mais on y gagne en qualit\u00e9 de vie, en esth\u00e9tisme et en fonctionnalit\u00e9. <\/div><footer><div class=\"uagb-blockquote__author-wrap uagb-blockquote__author-at-left\"><\/div><\/footer><\/blockquote><\/div>\n\n\n\n<div class=\"wp-block-uagb-advanced-heading uagb-block-7a222ef9\"><h2 class=\"uagb-heading-text\">Avant \/ Apr\u00e8s<\/h2><\/div>\n\n\n\n<div class=\"wp-block-uagb-info-box uagb-block-9ed90568 uagb-infobox__content-wrap  uagb-infobox-icon-above-title uagb-infobox-image-valign-top\"><div class=\"uagb-ifb-content\"><div class=\"uagb-ifb-title-wrap\"><h3 class=\"uagb-ifb-title\">D&rsquo;une entr\u00e9e inexistante \u00e0 une entr\u00e9e fonctionnelle et lumineuse <\/h3><\/div><p class=\"uagb-ifb-desc\">Avant, l&rsquo;entr\u00e9e se faisait directement dans une pi\u00e8ce de vie \u00e9triqu\u00e9e qui donnait acc\u00e8s \u00e0 une cuisine dans un recoin. <br>Apr\u00e8s, l&rsquo;entr\u00e9e donne dans le s\u00e9jour. Il n&rsquo;y a plus de sensation d&rsquo;\u00e9touffement en passant la porte. On acc\u00e8de \u00e0 un grand espace de vie lumineux et ouvert. <\/p><\/div><\/div>\n\n\n\n<div class=\"wp-block-uagb-blockquote uagb-block-23547d26 uagb-blockquote__skin-quotation uagb-blockquote__align-left uagb-blockquote__style-style_2 uagb-blockquote__stack-img-none\"><blockquote class=\"uagb-blockquote\"><span class=\"uagb-blockquote__icon\"><svg width=\"20\" height=\"20\" viewBox=\"0 0 32 32\"><path d=\"M7.031 14c3.866 0 7 3.134 7 7s-3.134 7-7 7-7-3.134-7-7l-0.031-1c0-7.732 6.268-14 14-14v4c-2.671 0-5.182 1.040-7.071 2.929-0.364 0.364-0.695 0.751-0.995 1.157 0.357-0.056 0.724-0.086 1.097-0.086zM25.031 14c3.866 0 7 3.134 7 7s-3.134 7-7 7-7-3.134-7-7l-0.031-1c0-7.732 6.268-14 14-14v4c-2.671 0-5.182 1.040-7.071 2.929-0.364 0.364-0.695 0.751-0.995 1.157 0.358-0.056 0.724-0.086 1.097-0.086z\"><\/path><\/svg><\/span><div class=\"uagb-blockquote__content\"><strong>Le + de l&rsquo;architecte :<\/strong><br>Une entr\u00e9e, ce n&rsquo;est pas juste une porte et un passage. Une entr\u00e9e, c&rsquo;est la premi\u00e8re impression que l&rsquo;on se fait d&rsquo;un lieu de vie. Personne n&rsquo;a envie de d\u00e9couvrir la suite de l&rsquo;appartement en se retrouvant nez \u00e0 nez avec un mur en passant la porte. Une entr\u00e9e c&rsquo;est aussi une fonction. Il faut pouvoir y d\u00e9poser ses manteaux ses chaussures ses cl\u00e9s, son sac etc. Une entr\u00e9e comme toute autre pi\u00e8ce se r\u00e9fl\u00e9chit. Voil\u00e0 toute l&rsquo;importance du travail de conception de l&rsquo;architecte : penser \u00e0 comment les gens vont vivre le lieu dans toutes ses dimensions (fonction, esth\u00e9tique, technique, luminosit\u00e9 etc.etc&#8230;). <\/div><footer><div class=\"uagb-blockquote__author-wrap uagb-blockquote__author-at-left\"><\/div><\/footer><\/blockquote><\/div>\n\n\n\n\n\t\t\t\n    <style type=\"text\/css\">\n        .slider-info-2389.bafg-slider-info .bafg-slider-title {\n                            font-size:\n                    22px                ;\n            \n            \n                    }\n\n        .slider-info-2389.bafg-slider-info .bafg-slider-description {\n            \n            \n                    }\n\n        .slider-info-2389.bafg-slider-info .bafg_slider_readmore_button {\n            \n            \n            \n            \n            \n            text-align: center;\n\n            \n            \n            \n            \n            \n            \n                    }\n\n        .slider-info-2389.bafg-slider-info .bafg_slider_readmore_button:hover {\n\n            \n            \n                    }\n    <\/style>\n    \n\t\t\t<div class=\"bafg-twentytwenty-container slider-2389  \"\n\t\t\t\tbafg-orientation=\"horizontal\" bafg-default-offset=\"0.5\"\n\t\t\t\tbafg-before-label=\"AVANT\"\n\t\t\t\tbafg-after-label=\"APRES\" bafg-overlay=\"1\"\n\t\t\t\tbafg-move-slider-on-hover=\"\"\n\t\t\t\tbafg-click-to-move=\"\">\n\n\t\t\t\t\t\t\t\t<img class=\"skip-lazy\" data-skip-lazy\t\t\t\t\tsrc=\"http:\/\/delebarrearchitecture.fr\/wp-content\/uploads\/2024\/09\/dourdan-ancien-rehabilitation-91-delebarre-architecture-studio-cuisine-avant.jpg\" alt=\"\">\n\t\t\t\t<img class=\"skip-lazy\" data-skip-lazy\t\t\t\t\tsrc=\"http:\/\/delebarrearchitecture.fr\/wp-content\/uploads\/2024\/09\/dourdan-apres-entree-cuisine-1900-delebarre-architecture-studio-appartement-renovation.jpg\" alt=\"\">\n\n\t\t\t<\/div>\n\n\t\t\t    <div class=\"bafg-slider-info-wraper\">\n        <div style=\"\" class=\"slider-info-2389 bafg-slider-info\">\n                            <div class=\"bafg-slider-description\">\n                    D\u00e9placez le curseur pour voir l&#039;ensemble avant \/ apr\u00e8s                <\/div>\n                        <\/div>\n    <\/div>\n    \n\t\t\t<style type=\"text\/css\">\n\t\t\t\t\t\t\t\t\t\t\t<\/style>\n\t\t\t\n\n\n\n<div class=\"wp-block-uagb-info-box uagb-block-0a50aa4b uagb-infobox__content-wrap  uagb-infobox-icon-above-title uagb-infobox-image-valign-top\"><div class=\"uagb-ifb-content\"><div class=\"uagb-ifb-title-wrap\"><h3 class=\"uagb-ifb-title\">D&rsquo;une cuisine-\u00e9vier \u00e0 une cuisine fonctionnelle <\/h3><\/div><p class=\"uagb-ifb-desc\">La cuisine \u00e9tait compos\u00e9e d&rsquo;un meuble \u00e9vier et &#8230; d&rsquo;une chaudi\u00e8re vieillissante. Le tout dans un petit recoin bien sombre sans aucune lumi\u00e8re naturelle. <br>Le projet a donc permis de recr\u00e9er un espace cuisine fonctionnel digne de ce nom avec tous les \u00e9quipements n\u00e9cessaires. <\/p><\/div><\/div>\n\n\n\n<div class=\"wp-block-uagb-blockquote uagb-block-83bff537 uagb-blockquote__skin-quotation uagb-blockquote__align-left uagb-blockquote__style-style_2 uagb-blockquote__stack-img-none\"><blockquote class=\"uagb-blockquote\"><span class=\"uagb-blockquote__icon\"><svg width=\"20\" height=\"20\" viewBox=\"0 0 32 32\"><path d=\"M7.031 14c3.866 0 7 3.134 7 7s-3.134 7-7 7-7-3.134-7-7l-0.031-1c0-7.732 6.268-14 14-14v4c-2.671 0-5.182 1.040-7.071 2.929-0.364 0.364-0.695 0.751-0.995 1.157 0.357-0.056 0.724-0.086 1.097-0.086zM25.031 14c3.866 0 7 3.134 7 7s-3.134 7-7 7-7-3.134-7-7l-0.031-1c0-7.732 6.268-14 14-14v4c-2.671 0-5.182 1.040-7.071 2.929-0.364 0.364-0.695 0.751-0.995 1.157 0.358-0.056 0.724-0.086 1.097-0.086z\"><\/path><\/svg><\/span><div class=\"uagb-blockquote__content\">Le + de l&rsquo;architecte : le choix des meubles <br>Pour donner une touche d\u00e9co \u00e0 l&rsquo;appartement, un choix de couleur a \u00e9t\u00e9 d\u00e9fini avec un fil conducteur, le vert. Mais nous sommes dans un studio, la couleur doit donc \u00eatre utilis\u00e9e avec parcimonie pour ne pas saturer l&rsquo;espace. J&rsquo;ai donc con\u00e7u la cuisine avec des meubles bas de couleur verte et des meubles hauts blancs. Cela permet de limiter l&rsquo;impact visuel de la cuisine dans la pi\u00e8ce : on conserve ainsi une sensation de hauteur et d&rsquo;espace a\u00e9r\u00e9. <\/div><footer><div class=\"uagb-blockquote__author-wrap uagb-blockquote__author-at-left\"><\/div><\/footer><\/blockquote><\/div>\n\n\n\n\n\t\t\t\n    <style type=\"text\/css\">\n        .slider-info-2392.bafg-slider-info .bafg-slider-title {\n                            font-size:\n                    22px                ;\n            \n            \n                    }\n\n        .slider-info-2392.bafg-slider-info .bafg-slider-description {\n            \n            \n                    }\n\n        .slider-info-2392.bafg-slider-info .bafg_slider_readmore_button {\n            \n            \n            \n            \n            \n            text-align: center;\n\n            \n            \n            \n            \n            \n            \n                    }\n\n        .slider-info-2392.bafg-slider-info .bafg_slider_readmore_button:hover {\n\n            \n            \n                    }\n    <\/style>\n    \n\t\t\t<div class=\"bafg-twentytwenty-container slider-2392  \"\n\t\t\t\tbafg-orientation=\"horizontal\" bafg-default-offset=\"0.5\"\n\t\t\t\tbafg-before-label=\"AVANT\"\n\t\t\t\tbafg-after-label=\"APRES\" bafg-overlay=\"1\"\n\t\t\t\tbafg-move-slider-on-hover=\"\"\n\t\t\t\tbafg-click-to-move=\"\">\n\n\t\t\t\t\t\t\t\t<img class=\"skip-lazy\" data-skip-lazy\t\t\t\t\tsrc=\"http:\/\/delebarrearchitecture.fr\/wp-content\/uploads\/2024\/09\/dourdan-ancien-rehabilitation-91-delebarre-architecture-studio-salle-d-eau-avant.jpg\" alt=\"\">\n\t\t\t\t<img class=\"skip-lazy\" data-skip-lazy\t\t\t\t\tsrc=\"http:\/\/delebarrearchitecture.fr\/wp-content\/uploads\/2024\/09\/dourdan-apres-cuisine-salle-a-manger-1900-delebarre-architecture-studio-appartement-renovation.jpg\" alt=\"\">\n\n\t\t\t<\/div>\n\n\t\t\t    <div class=\"bafg-slider-info-wraper\">\n        <div style=\"\" class=\"slider-info-2392 bafg-slider-info\">\n                            <div class=\"bafg-slider-description\">\n                    D\u00e9placez le curseur pour voir l&#039;ensemble avant \/ apr\u00e8s                <\/div>\n                        <\/div>\n    <\/div>\n    \n\t\t\t<style type=\"text\/css\">\n\t\t\t\t\t\t\t\t\t\t\t<\/style>\n\t\t\t\n\n\n\n<div class=\"wp-block-uagb-info-box uagb-block-0281c733 uagb-infobox__content-wrap  uagb-infobox-icon-above-title uagb-infobox-image-valign-top\"><div class=\"uagb-ifb-content\"><div class=\"uagb-ifb-title-wrap\"><h3 class=\"uagb-ifb-title\">Un s\u00e9jour a \u00e9t\u00e9 cr\u00e9\u00e9 <\/h3><\/div><p class=\"uagb-ifb-desc\">Avant, l&rsquo;appartement \u00e9tait compos\u00e9 de petites pi\u00e8ces difficilement am\u00e9nageables tellement leur surface \u00e9tait r\u00e9duite. <br>Apr\u00e8s, l&rsquo;appartement est un studio avec un espace nuit bien d\u00e9fini. La cuisine est ouverte sur le s\u00e9jour et non loin de l&rsquo;espace repas et de l&rsquo;espace salon. <br>Tous les sols ont \u00e9t\u00e9 refaits. On avait auparavant un patchwork de diff\u00e9rents mod\u00e8les. Aujourd&rsquo;hui, l&rsquo;ensemble de l&rsquo;espace est unifi\u00e9. <\/p><\/div><\/div>\n\n\n\n<div class=\"wp-block-uagb-blockquote uagb-block-126ea7b5 uagb-blockquote__skin-quotation uagb-blockquote__align-left uagb-blockquote__style-style_2 uagb-blockquote__stack-img-none\"><blockquote class=\"uagb-blockquote\"><span class=\"uagb-blockquote__icon\"><svg width=\"20\" height=\"20\" viewBox=\"0 0 32 32\"><path d=\"M7.031 14c3.866 0 7 3.134 7 7s-3.134 7-7 7-7-3.134-7-7l-0.031-1c0-7.732 6.268-14 14-14v4c-2.671 0-5.182 1.040-7.071 2.929-0.364 0.364-0.695 0.751-0.995 1.157 0.357-0.056 0.724-0.086 1.097-0.086zM25.031 14c3.866 0 7 3.134 7 7s-3.134 7-7 7-7-3.134-7-7l-0.031-1c0-7.732 6.268-14 14-14v4c-2.671 0-5.182 1.040-7.071 2.929-0.364 0.364-0.695 0.751-0.995 1.157 0.358-0.056 0.724-0.086 1.097-0.086z\"><\/path><\/svg><\/span><div class=\"uagb-blockquote__content\">Le + de l&rsquo;architecte : <br>Un s\u00e9jour offre un espace salle \u00e0 manger et un espace d\u00e9tente avec un salon TV. <br>Les \u00e9l\u00e9ments architecturaux indispensables \u00e0 conserv\u00e9s \u00e9taient la chemin\u00e9e ancienne et les portes moulur\u00e9es l&rsquo;encadrant. J&rsquo;ai donc conserv\u00e9 ces \u00e9l\u00e9ments du 20e en les adaptant \u00e0 la vie moderne. La chemin\u00e9e devient d\u00e9corative. Les portes abritent des placards qui ont fait l&rsquo;objet d&rsquo;am\u00e9nagements. Le placard de droite est utilis\u00e9 comme biblioth\u00e8que et le placard de gauche permet de cacher la TV encadr\u00e9e elle-aussi d&rsquo;\u00e9tag\u00e8res de livres. <br>L&rsquo;histoire de l&rsquo;appartement a \u00e9t\u00e9 conserv\u00e9e et des moulures ont \u00e9t\u00e9 recr\u00e9\u00e9es apr\u00e8s d\u00e9molition des cloisons afin d&rsquo;obtenir un ensemble coh\u00e9rent. <\/div><footer><div class=\"uagb-blockquote__author-wrap uagb-blockquote__author-at-left\"><\/div><\/footer><\/blockquote><\/div>\n\n\n\n\n\t\t\t\n    <style type=\"text\/css\">\n        .slider-info-2396.bafg-slider-info .bafg-slider-title {\n                            font-size:\n                    22px                ;\n            \n            \n                    }\n\n        .slider-info-2396.bafg-slider-info .bafg-slider-description {\n            \n            \n                    }\n\n        .slider-info-2396.bafg-slider-info .bafg_slider_readmore_button {\n            \n            \n            \n            \n            \n            text-align: center;\n\n            \n            \n            \n            \n            \n            \n                    }\n\n        .slider-info-2396.bafg-slider-info .bafg_slider_readmore_button:hover {\n\n            \n            \n                    }\n    <\/style>\n    \n\t\t\t<div class=\"bafg-twentytwenty-container slider-2396  \"\n\t\t\t\tbafg-orientation=\"horizontal\" bafg-default-offset=\"0.5\"\n\t\t\t\tbafg-before-label=\"AVANT\"\n\t\t\t\tbafg-after-label=\"APRES\" bafg-overlay=\"1\"\n\t\t\t\tbafg-move-slider-on-hover=\"\"\n\t\t\t\tbafg-click-to-move=\"\">\n\n\t\t\t\t\t\t\t\t<img class=\"skip-lazy\" data-skip-lazy\t\t\t\t\tsrc=\"http:\/\/delebarrearchitecture.fr\/wp-content\/uploads\/2024\/09\/dourdan_ancien_rehabilitation_91_delebarre_architecture_studio_sejour_salle_avant.jpg\" alt=\"\">\n\t\t\t\t<img class=\"skip-lazy\" data-skip-lazy\t\t\t\t\tsrc=\"http:\/\/delebarrearchitecture.fr\/wp-content\/uploads\/2024\/09\/dourdan-apres-studio-1900-delebarre-architecture-studio-appartement-renovation.jpg\" alt=\"\">\n\n\t\t\t<\/div>\n\n\t\t\t    <div class=\"bafg-slider-info-wraper\">\n        <div style=\"\" class=\"slider-info-2396 bafg-slider-info\">\n                            <div class=\"bafg-slider-description\">\n                    D\u00e9placez le curseur pour voir l&#039;ensemble avant \/ apr\u00e8s                <\/div>\n                        <\/div>\n    <\/div>\n    \n\t\t\t<style type=\"text\/css\">\n\t\t\t\t\t\t\t\t\t\t\t<\/style>\n\t\t\t\n\n\n\n\t\t\t\n    <style type=\"text\/css\">\n        .slider-info-2398.bafg-slider-info .bafg-slider-title {\n                            font-size:\n                    22px                ;\n            \n            \n                    }\n\n        .slider-info-2398.bafg-slider-info .bafg-slider-description {\n            \n            \n                    }\n\n        .slider-info-2398.bafg-slider-info .bafg_slider_readmore_button {\n            \n            \n            \n            \n            \n            text-align: center;\n\n            \n            \n            \n            \n            \n            \n                    }\n\n        .slider-info-2398.bafg-slider-info .bafg_slider_readmore_button:hover {\n\n            \n            \n                    }\n    <\/style>\n    \n\t\t\t<div class=\"bafg-twentytwenty-container slider-2398  \"\n\t\t\t\tbafg-orientation=\"horizontal\" bafg-default-offset=\"0.5\"\n\t\t\t\tbafg-before-label=\"AVANT\"\n\t\t\t\tbafg-after-label=\"APRES\" bafg-overlay=\"1\"\n\t\t\t\tbafg-move-slider-on-hover=\"\"\n\t\t\t\tbafg-click-to-move=\"\">\n\n\t\t\t\t\t\t\t\t<img class=\"skip-lazy\" data-skip-lazy\t\t\t\t\tsrc=\"http:\/\/delebarrearchitecture.fr\/wp-content\/uploads\/2024\/09\/dourdan_ancien_rehabilitation_91_delebarre_architecture_studio_sejour_avant.jpg\" alt=\"\">\n\t\t\t\t<img class=\"skip-lazy\" data-skip-lazy\t\t\t\t\tsrc=\"http:\/\/delebarrearchitecture.fr\/wp-content\/uploads\/2024\/09\/dourdan-apres-sejour-1900-delebarre-architecture-appartement-renovation.jpg\" alt=\"\">\n\n\t\t\t<\/div>\n\n\t\t\t    <div class=\"bafg-slider-info-wraper\">\n        <div style=\"\" class=\"slider-info-2398 bafg-slider-info\">\n                            <div class=\"bafg-slider-description\">\n                    D\u00e9placez le curseur pour voir l&#039;ensemble avant \/ apr\u00e8s                <\/div>\n                        <\/div>\n    <\/div>\n    \n\t\t\t<style type=\"text\/css\">\n\t\t\t\t\t\t\t\t\t\t\t<\/style>\n\t\t\t\n\n\n\n<div class=\"wp-block-uagb-info-box uagb-block-9fff551c uagb-infobox__content-wrap  uagb-infobox-icon-above-title uagb-infobox-image-valign-top\"><div class=\"uagb-ifb-content\"><div class=\"uagb-ifb-title-wrap\"><h3 class=\"uagb-ifb-title\">Un nouvel espace nuit <\/h3><\/div><p class=\"uagb-ifb-desc\">Avant, la chambre \u00e9tait une pi\u00e8ce \u00e0 c\u00f4t\u00e9 de la salle de bain et servait aussi de s\u00e9jour.<br>Apr\u00e8s, l&rsquo;espace nuit est visuellement d\u00e9limit\u00e9 par 2 commodes. L&rsquo;espace en \u00ab\u00a0retrait\u00a0\u00bb de la pi\u00e8ce principale est clairement d\u00e9limit\u00e9 et b\u00e9n\u00e9ficie d&rsquo;un acc\u00e8s direct \u00e0 la nouvelle salle d&rsquo;eau. <\/p><\/div><\/div>\n\n\n\n<div class=\"wp-block-uagb-blockquote uagb-block-83b46fcc uagb-blockquote__skin-quotation uagb-blockquote__align-left uagb-blockquote__style-style_2 uagb-blockquote__stack-img-none\"><blockquote class=\"uagb-blockquote\"><span class=\"uagb-blockquote__icon\"><svg width=\"20\" height=\"20\" viewBox=\"0 0 32 32\"><path d=\"M7.031 14c3.866 0 7 3.134 7 7s-3.134 7-7 7-7-3.134-7-7l-0.031-1c0-7.732 6.268-14 14-14v4c-2.671 0-5.182 1.040-7.071 2.929-0.364 0.364-0.695 0.751-0.995 1.157 0.357-0.056 0.724-0.086 1.097-0.086zM25.031 14c3.866 0 7 3.134 7 7s-3.134 7-7 7-7-3.134-7-7l-0.031-1c0-7.732 6.268-14 14-14v4c-2.671 0-5.182 1.040-7.071 2.929-0.364 0.364-0.695 0.751-0.995 1.157 0.358-0.056 0.724-0.086 1.097-0.086z\"><\/path><\/svg><\/span><div class=\"uagb-blockquote__content\">Le + de l&rsquo;architecte :  la cr\u00e9ation de rangements intelligents \u00e0 moindre co\u00fbt <br>L&rsquo;appartement n&rsquo;a jamais eu de rangements \u00e0 proprement parl\u00e9. C&rsquo;\u00e9tait donc un objectif de taille et indispensable pour ce studio. <br>J&rsquo;ai donc cr\u00e9\u00e9 un ensemble de rangements sur mesure au niveau de l&rsquo;espace nuit. J&rsquo;ai dessin\u00e9 cet ensemble \u00e0 partir de meubles de cuisine de grande distribution. On obtient ainsi 2 colonnes de penderie et des rangements suppl\u00e9mentaires au dessus du lit. Le lit a lui aussi \u00e9t\u00e9 sp\u00e9cialement choisi. Ce lit double b\u00e9n\u00e9ficie de rangements sous son sommier directement accessibles par des portes coulissantes de chaque c\u00f4t\u00e9 du lit. Une autre mani\u00e8re d&rsquo;optimiser l&rsquo;espace disponible dans un studio. <br>Enfin, j&rsquo;ai dessine une t\u00eate de lit sur mesure , qui permet d&rsquo;offrir des rangements suppl\u00e9mentaires (la t\u00eate de lit s&rsquo;ouvre sur le dessus). Elle int\u00e8gre \u00e9galement des \u00e9clairages pour la lecture mais aussi des prises \u00e9lectriques dissimul\u00e9es (pour recharger son t\u00e9l\u00e9phone par exemple) et ainsi, faire office de table de nuit sans rien laisser paraitre de l&rsquo;ext\u00e9rieur. <br>Les couleurs : Encore une fois ici, l&rsquo;objectif est de limiter l&rsquo;impact visuel d&rsquo;un ensemble de rangements cons\u00e9quent. Le centre a volontairement \u00e9t\u00e9 peint d&rsquo;une couleur plus soutenue pour cr\u00e9er un espace plus cosi au-dessus du lit double mais aussi pour accentuer l&rsquo;impression d&rsquo;espace. <br><\/div><footer><div class=\"uagb-blockquote__author-wrap uagb-blockquote__author-at-left\"><\/div><\/footer><\/blockquote><\/div>\n\n\n\n\n\t\t\t\n    <style type=\"text\/css\">\n        .slider-info-2400.bafg-slider-info .bafg-slider-title {\n                            font-size:\n                    22px                ;\n            \n            \n                    }\n\n        .slider-info-2400.bafg-slider-info .bafg-slider-description {\n            \n            \n                    }\n\n        .slider-info-2400.bafg-slider-info .bafg_slider_readmore_button {\n            \n            \n            \n            \n            \n            text-align: center;\n\n            \n            \n            \n            \n            \n            \n                    }\n\n        .slider-info-2400.bafg-slider-info .bafg_slider_readmore_button:hover {\n\n            \n            \n                    }\n    <\/style>\n    \n\t\t\t<div class=\"bafg-twentytwenty-container slider-2400  \"\n\t\t\t\tbafg-orientation=\"horizontal\" bafg-default-offset=\"0.5\"\n\t\t\t\tbafg-before-label=\"AVANT\"\n\t\t\t\tbafg-after-label=\"APRES\" bafg-overlay=\"1\"\n\t\t\t\tbafg-move-slider-on-hover=\"\"\n\t\t\t\tbafg-click-to-move=\"\">\n\n\t\t\t\t\t\t\t\t<img class=\"skip-lazy\" data-skip-lazy\t\t\t\t\tsrc=\"http:\/\/delebarrearchitecture.fr\/wp-content\/uploads\/2024\/09\/dourdan_ancien_rehabilitation_91_delebarre_architecture_studio_coin-nuit_avant.jpg\" alt=\"\">\n\t\t\t\t<img class=\"skip-lazy\" data-skip-lazy\t\t\t\t\tsrc=\"http:\/\/delebarrearchitecture.fr\/wp-content\/uploads\/2024\/09\/dourdan-apres-coint-nuit-chambre-1900-delebarre-architecture-studio-appartement-renovation.jpg\" alt=\"\">\n\n\t\t\t<\/div>\n\n\t\t\t    <div class=\"bafg-slider-info-wraper\">\n        <div style=\"\" class=\"slider-info-2400 bafg-slider-info\">\n                            <div class=\"bafg-slider-description\">\n                    D\u00e9placez le curseur pour voir l&#039;ensemble avant \/ apr\u00e8s                <\/div>\n                        <\/div>\n    <\/div>\n    \n\t\t\t<style type=\"text\/css\">\n\t\t\t\t\t\t\t\t\t\t\t<\/style>\n\t\t\t\n<\/div>\n\n\n\n<div class=\"wp-block-uagb-info-box uagb-block-388ec158 uagb-infobox__content-wrap  uagb-infobox-icon-above-title uagb-infobox-image-valign-top\"><div class=\"uagb-ifb-content\"><div class=\"uagb-ifb-title-wrap\"><h3 class=\"uagb-ifb-title\">Une nouvelle salle d&rsquo;eau <\/h3><\/div><p class=\"uagb-ifb-desc\">La salle d&rsquo;eau a \u00e9t\u00e9 cr\u00e9\u00e9e \u00e0 la place de l&rsquo;ancienne cuisine. Son acc\u00e8s se fait \u00ab\u00a0par l&rsquo;espace nuit\u00a0\u00bb et est donc dissimul\u00e9 du reste de la pi\u00e8ce. <\/p><\/div><\/div>\n\n\n\n<div class=\"wp-block-uagb-image uagb-block-4315f8c2 wp-block-uagb-image--layout-default wp-block-uagb-image--effect-static wp-block-uagb-image--align-none\"><figure class=\"wp-block-uagb-image__figure\"><img decoding=\"async\" srcset=\"https:\/\/delebarrearchitecture.fr\/wp-content\/uploads\/2024\/09\/dourdan-apres-salle-deau-1900-hexagonal-carrelage-beton-jaune-bois-delebarre-architecture-studio-appartement-renovation-768x1024.jpg ,https:\/\/delebarrearchitecture.fr\/wp-content\/uploads\/2024\/09\/dourdan-apres-salle-deau-1900-hexagonal-carrelage-beton-jaune-bois-delebarre-architecture-studio-appartement-renovation.jpg 780w, https:\/\/delebarrearchitecture.fr\/wp-content\/uploads\/2024\/09\/dourdan-apres-salle-deau-1900-hexagonal-carrelage-beton-jaune-bois-delebarre-architecture-studio-appartement-renovation.jpg 360w\" sizes=\"auto, (max-width: 480px) 150px\" src=\"https:\/\/delebarrearchitecture.fr\/wp-content\/uploads\/2024\/09\/dourdan-apres-salle-deau-1900-hexagonal-carrelage-beton-jaune-bois-delebarre-architecture-studio-appartement-renovation-768x1024.jpg\" alt=\"\" class=\"uag-image-2737\" width=\"768\" height=\"1024\" title=\"dourdan-apres-salle-deau-1900-hexagonal-carrelage-beton-jaune-bois-delebarre-architecture-studio-appartement-renovation\" loading=\"lazy\" role=\"img\"\/><\/figure><\/div>\n<\/div>\n<\/div>\n","protected":false},"excerpt":{"rendered":"<p>Probl\u00e9matique : Un appartement vieillissant mal agenc\u00e9 Le projet : Revoir l&rsquo;am\u00e9nagement global et mettre en valeur le cachet ancien [&hellip;]<\/p>\n","protected":false},"author":1,"featured_media":2732,"comment_status":"closed","ping_status":"closed","sticky":false,"template":"","format":"standard","meta":{"_uag_custom_page_level_css":"","site-sidebar-layout":"default","site-content-layout":"","ast-site-content-layout":"","site-content-style":"default","site-sidebar-style":"default","ast-global-header-display":"","ast-banner-title-visibility":"","ast-main-header-display":"","ast-hfb-above-header-display":"","ast-hfb-below-header-display":"","ast-hfb-mobile-header-display":"","site-post-title":"","ast-breadcrumbs-content":"","ast-featured-img":"","footer-sml-layout":"","theme-transparent-header-meta":"","adv-header-id-meta":"","stick-header-meta":"","header-above-stick-meta":"","header-main-stick-meta":"","header-below-stick-meta":"","astra-migrate-meta-layouts":"default","ast-page-background-enabled":"default","ast-page-background-meta":{"desktop":{"background-color":"var(--ast-global-color-4)","background-image":"","background-repeat":"repeat","background-position":"center center","background-size":"auto","background-attachment":"scroll","background-type":"","background-media":"","overlay-type":"","overlay-color":"","overlay-opacity":"","overlay-gradient":""},"tablet":{"background-color":"","background-image":"","background-repeat":"repeat","background-position":"center center","background-size":"auto","background-attachment":"scroll","background-type":"","background-media":"","overlay-type":"","overlay-color":"","overlay-opacity":"","overlay-gradient":""},"mobile":{"background-color":"","background-image":"","background-repeat":"repeat","background-position":"center center","background-size":"auto","background-attachment":"scroll","background-type":"","background-media":"","overlay-type":"","overlay-color":"","overlay-opacity":"","overlay-gradient":""}},"ast-content-background-meta":{"desktop":{"background-color":"var(--ast-global-color-5)","background-image":"","background-repeat":"repeat","background-position":"center center","background-size":"auto","background-attachment":"scroll","background-type":"","background-media":"","overlay-type":"","overlay-color":"","overlay-opacity":"","overlay-gradient":""},"tablet":{"background-color":"var(--ast-global-color-5)","background-image":"","background-repeat":"repeat","background-position":"center center","background-size":"auto","background-attachment":"scroll","background-type":"","background-media":"","overlay-type":"","overlay-color":"","overlay-opacity":"","overlay-gradient":""},"mobile":{"background-color":"var(--ast-global-color-5)","background-image":"","background-repeat":"repeat","background-position":"center center","background-size":"auto","background-attachment":"scroll","background-type":"","background-media":"","overlay-type":"","overlay-color":"","overlay-opacity":"","overlay-gradient":""}},"footnotes":""},"categories":[5],"tags":[],"class_list":["post-2298","post","type-post","status-publish","format-standard","has-post-thumbnail","hentry","category-habitat-individuel"],"uagb_featured_image_src":{"full":["https:\/\/delebarrearchitecture.fr\/wp-content\/uploads\/2024\/09\/dourdan-apres-sejour-parquet-cheminee-1900-delebarre-architecture-studio-appartement-renovation.jpg",1920,1281,false],"thumbnail":["https:\/\/delebarrearchitecture.fr\/wp-content\/uploads\/2024\/09\/dourdan-apres-sejour-parquet-cheminee-1900-delebarre-architecture-studio-appartement-renovation-150x150.jpg",150,150,true],"medium":["https:\/\/delebarrearchitecture.fr\/wp-content\/uploads\/2024\/09\/dourdan-apres-sejour-parquet-cheminee-1900-delebarre-architecture-studio-appartement-renovation-300x200.jpg",300,200,true],"medium_large":["https:\/\/delebarrearchitecture.fr\/wp-content\/uploads\/2024\/09\/dourdan-apres-sejour-parquet-cheminee-1900-delebarre-architecture-studio-appartement-renovation-768x512.jpg",768,512,true],"large":["https:\/\/delebarrearchitecture.fr\/wp-content\/uploads\/2024\/09\/dourdan-apres-sejour-parquet-cheminee-1900-delebarre-architecture-studio-appartement-renovation-1024x683.jpg",1024,683,true],"1536x1536":["https:\/\/delebarrearchitecture.fr\/wp-content\/uploads\/2024\/09\/dourdan-apres-sejour-parquet-cheminee-1900-delebarre-architecture-studio-appartement-renovation-1536x1025.jpg",1536,1025,true],"2048x2048":["https:\/\/delebarrearchitecture.fr\/wp-content\/uploads\/2024\/09\/dourdan-apres-sejour-parquet-cheminee-1900-delebarre-architecture-studio-appartement-renovation.jpg",1920,1281,false]},"uagb_author_info":{"display_name":"admin6667","author_link":"https:\/\/delebarrearchitecture.fr\/index.php\/author\/admin6667\/"},"uagb_comment_info":0,"uagb_excerpt":"Probl\u00e9matique : Un appartement vieillissant mal agenc\u00e9 Le projet : Revoir l&rsquo;am\u00e9nagement global et mettre en valeur le cachet ancien [&hellip;]","_links":{"self":[{"href":"https:\/\/delebarrearchitecture.fr\/index.php\/wp-json\/wp\/v2\/posts\/2298","targetHints":{"allow":["GET"]}}],"collection":[{"href":"https:\/\/delebarrearchitecture.fr\/index.php\/wp-json\/wp\/v2\/posts"}],"about":[{"href":"https:\/\/delebarrearchitecture.fr\/index.php\/wp-json\/wp\/v2\/types\/post"}],"author":[{"embeddable":true,"href":"https:\/\/delebarrearchitecture.fr\/index.php\/wp-json\/wp\/v2\/users\/1"}],"replies":[{"embeddable":true,"href":"https:\/\/delebarrearchitecture.fr\/index.php\/wp-json\/wp\/v2\/comments?post=2298"}],"version-history":[{"count":3,"href":"https:\/\/delebarrearchitecture.fr\/index.php\/wp-json\/wp\/v2\/posts\/2298\/revisions"}],"predecessor-version":[{"id":2783,"href":"https:\/\/delebarrearchitecture.fr\/index.php\/wp-json\/wp\/v2\/posts\/2298\/revisions\/2783"}],"wp:featuredmedia":[{"embeddable":true,"href":"https:\/\/delebarrearchitecture.fr\/index.php\/wp-json\/wp\/v2\/media\/2732"}],"wp:attachment":[{"href":"https:\/\/delebarrearchitecture.fr\/index.php\/wp-json\/wp\/v2\/media?parent=2298"}],"wp:term":[{"taxonomy":"category","embeddable":true,"href":"https:\/\/delebarrearchitecture.fr\/index.php\/wp-json\/wp\/v2\/categories?post=2298"},{"taxonomy":"post_tag","embeddable":true,"href":"https:\/\/delebarrearchitecture.fr\/index.php\/wp-json\/wp\/v2\/tags?post=2298"}],"curies":[{"name":"wp","href":"https:\/\/api.w.org\/{rel}","templated":true}]}}