{"id":2303,"date":"2023-07-08T15:50:25","date_gmt":"2023-07-08T13:50:25","guid":{"rendered":"http:\/\/localhost:8888\/brochure-site\/?p=2303"},"modified":"2024-10-04T11:45:23","modified_gmt":"2024-10-04T09:45:23","slug":"commerces-auneau-28","status":"publish","type":"post","link":"https:\/\/delebarrearchitecture.fr\/index.php\/2023\/07\/08\/commerces-auneau-28\/","title":{"rendered":"Commerces Auneau (28)"},"content":{"rendered":"\n<div class=\"wp-block-uagb-container uagb-block-dc0c057c default uagb-is-root-container\">\n<div class=\"wp-block-uagb-container uagb-block-7198b653\">\n<div class=\"wp-block-uagb-container uagb-block-66c6c286\">\n<div class=\"wp-block-uagb-advanced-heading uagb-block-fcd33183\"><h2 class=\"uagb-heading-text\">Probl\u00e9matique : Rendre une fonction \u00e0 un b\u00e2timent inutilis\u00e9 du centre ville <\/h2><\/div>\n\n\n\n<div class=\"wp-block-uagb-info-box uagb-block-53a815b5 uagb-infobox__content-wrap  uagb-infobox-icon-above-title uagb-infobox-image-valign-top\"><div class=\"uagb-ifb-content\"><div class=\"uagb-ifb-title-wrap\"><\/div><p class=\"uagb-ifb-desc\">La mairie d&rsquo;Auneau m&rsquo;a contact\u00e9e afin de r\u00e9habiliter un b\u00e2timent inutilis\u00e9 du centre ville. Le but : diviser le rez-de-chauss\u00e9e en locaux commerciaux afin de permettre l&rsquo;installation de nouveaux commerces. La fa\u00e7ade devait aussi \u00eatre raval\u00e9e. <\/p><\/div><\/div>\n\n\n\n<div class=\"wp-block-uagb-advanced-heading uagb-block-a51527b7\"><h2 class=\"uagb-heading-text\">Le projet : Cr\u00e9er de nouveaux commerces via une r\u00e9habilitation<\/h2><\/div>\n\n\n\n<div class=\"wp-block-uagb-info-box uagb-block-09d18688 uagb-infobox__content-wrap  uagb-infobox-icon-above-title uagb-infobox-image-valign-top\"><div class=\"uagb-ifb-content\"><div class=\"uagb-ifb-title-wrap\"><\/div><p class=\"uagb-ifb-desc\">Le but \u00e9tait ici de cr\u00e9er de nouveaux locaux au sein d&rsquo;un m\u00eame b\u00e2timent tout en rendant l&rsquo;ensemble accessible aux PMR (personnes \u00e0 mobilit\u00e9 r\u00e9duite). Les locaux permettent d&rsquo;accueillir toute sorte de commerce et sont donc flexibles en terme d&rsquo;am\u00e9nagement. <\/p><\/div><\/div>\n\n\n\n<div class=\"wp-block-uagb-advanced-heading uagb-block-2ec690d1\"><h2 class=\"uagb-heading-text\">Avant \/ Apr\u00e8s<\/h2><\/div>\n\n\n\n\t\t\t\n    <style type=\"text\/css\">\n        .slider-info-2455.bafg-slider-info .bafg-slider-title {\n                            font-size:\n                    22px                ;\n            \n            \n                    }\n\n        .slider-info-2455.bafg-slider-info .bafg-slider-description {\n            \n            \n                    }\n\n        .slider-info-2455.bafg-slider-info .bafg_slider_readmore_button {\n            \n            \n            \n            \n            \n            text-align: center;\n\n            \n            \n            \n            \n            \n            \n                    }\n\n        .slider-info-2455.bafg-slider-info .bafg_slider_readmore_button:hover {\n\n            \n            \n                    }\n    <\/style>\n    \n\t\t\t<div class=\"bafg-twentytwenty-container slider-2455  \"\n\t\t\t\tbafg-orientation=\"horizontal\" bafg-default-offset=\"0.5\"\n\t\t\t\tbafg-before-label=\"AVANT\"\n\t\t\t\tbafg-after-label=\"APRES\" bafg-overlay=\"1\"\n\t\t\t\tbafg-move-slider-on-hover=\"\"\n\t\t\t\tbafg-click-to-move=\"\">\n\n\t\t\t\t\t\t\t\t<img class=\"skip-lazy\" data-skip-lazy\t\t\t\t\tsrc=\"http:\/\/delebarrearchitecture.fr\/wp-content\/uploads\/2024\/09\/auneau-ancien-rehabilitation-28-delebarre-architecture-commerces-locaux-pmr.jpg\" alt=\"\">\n\t\t\t\t<img class=\"skip-lazy\" data-skip-lazy\t\t\t\t\tsrc=\"http:\/\/delebarrearchitecture.fr\/wp-content\/uploads\/2024\/09\/auneau-ancien-facade-avant-apres-rehabilitation-28-delebarre-architecture-commerces-locaux-pmr.jpg\" alt=\"\">\n\n\t\t\t<\/div>\n\n\t\t\t    <div class=\"bafg-slider-info-wraper\">\n        <div style=\"\" class=\"slider-info-2455 bafg-slider-info\">\n                            <div class=\"bafg-slider-description\">\n                    D\u00e9placez le curseur pour voir l&#039;ensemble avant \/ apr\u00e8s                <\/div>\n                        <\/div>\n    <\/div>\n    \n\t\t\t<style type=\"text\/css\">\n\t\t\t\t\t\t\t\t\t\t\t<\/style>\n\t\t\t\n\n\n\n\t\t\t\n    <style type=\"text\/css\">\n        .slider-info-2459.bafg-slider-info .bafg-slider-title {\n                            font-size:\n                    22px                ;\n            \n            \n                    }\n\n        .slider-info-2459.bafg-slider-info .bafg-slider-description {\n            \n            \n                    }\n\n        .slider-info-2459.bafg-slider-info .bafg_slider_readmore_button {\n            \n            \n            \n            \n            \n            text-align: center;\n\n            \n            \n            \n            \n            \n            \n                    }\n\n        .slider-info-2459.bafg-slider-info .bafg_slider_readmore_button:hover {\n\n            \n            \n                    }\n    <\/style>\n    \n\t\t\t<div class=\"bafg-twentytwenty-container slider-2459  \"\n\t\t\t\tbafg-orientation=\"horizontal\" bafg-default-offset=\"0.5\"\n\t\t\t\tbafg-before-label=\"AVANT\"\n\t\t\t\tbafg-after-label=\"APRES\" bafg-overlay=\"1\"\n\t\t\t\tbafg-move-slider-on-hover=\"\"\n\t\t\t\tbafg-click-to-move=\"\">\n\n\t\t\t\t\t\t\t\t<img class=\"skip-lazy\" data-skip-lazy\t\t\t\t\tsrc=\"http:\/\/delebarrearchitecture.fr\/wp-content\/uploads\/2024\/09\/auneau-ancien-facade-arriere-avant-apres-rehabilitation-28-delebarre-architecture-commerces-locaux-pmr.jpg\" alt=\"\">\n\t\t\t\t<img class=\"skip-lazy\" data-skip-lazy\t\t\t\t\tsrc=\"http:\/\/delebarrearchitecture.fr\/wp-content\/uploads\/2024\/09\/auneau-ancien-facade-arriere-rehabilitation-28-delebarre-architecture-commerces-locaux-pmr.jpg\" alt=\"\">\n\n\t\t\t<\/div>\n\n\t\t\t    <div class=\"bafg-slider-info-wraper\">\n        <div style=\"\" class=\"slider-info-2459 bafg-slider-info\">\n                            <div class=\"bafg-slider-description\">\n                    D\u00e9placez le curseur pour voir l&#039;ensemble avant \/ apr\u00e8s                <\/div>\n                        <\/div>\n    <\/div>\n    \n\t\t\t<style type=\"text\/css\">\n\t\t\t\t\t\t\t\t\t\t\t<\/style>\n\t\t\t\n<\/div>\n<\/div>\n<\/div>\n","protected":false},"excerpt":{"rendered":"<p>Probl\u00e9matique : Rendre une fonction \u00e0 un b\u00e2timent inutilis\u00e9 du centre ville Le projet : Cr\u00e9er de nouveaux commerces via [&hellip;]<\/p>\n","protected":false},"author":1,"featured_media":2742,"comment_status":"closed","ping_status":"closed","sticky":false,"template":"","format":"standard","meta":{"_uag_custom_page_level_css":"","site-sidebar-layout":"default","site-content-layout":"","ast-site-content-layout":"","site-content-style":"default","site-sidebar-style":"default","ast-global-header-display":"","ast-banner-title-visibility":"","ast-main-header-display":"","ast-hfb-above-header-display":"","ast-hfb-below-header-display":"","ast-hfb-mobile-header-display":"","site-post-title":"","ast-breadcrumbs-content":"","ast-featured-img":"","footer-sml-layout":"","theme-transparent-header-meta":"","adv-header-id-meta":"","stick-header-meta":"","header-above-stick-meta":"","header-main-stick-meta":"","header-below-stick-meta":"","astra-migrate-meta-layouts":"default","ast-page-background-enabled":"default","ast-page-background-meta":{"desktop":{"background-color":"var(--ast-global-color-4)","background-image":"","background-repeat":"repeat","background-position":"center center","background-size":"auto","background-attachment":"scroll","background-type":"","background-media":"","overlay-type":"","overlay-color":"","overlay-opacity":"","overlay-gradient":""},"tablet":{"background-color":"","background-image":"","background-repeat":"repeat","background-position":"center center","background-size":"auto","background-attachment":"scroll","background-type":"","background-media":"","overlay-type":"","overlay-color":"","overlay-opacity":"","overlay-gradient":""},"mobile":{"background-color":"","background-image":"","background-repeat":"repeat","background-position":"center center","background-size":"auto","background-attachment":"scroll","background-type":"","background-media":"","overlay-type":"","overlay-color":"","overlay-opacity":"","overlay-gradient":""}},"ast-content-background-meta":{"desktop":{"background-color":"var(--ast-global-color-5)","background-image":"","background-repeat":"repeat","background-position":"center center","background-size":"auto","background-attachment":"scroll","background-type":"","background-media":"","overlay-type":"","overlay-color":"","overlay-opacity":"","overlay-gradient":""},"tablet":{"background-color":"var(--ast-global-color-5)","background-image":"","background-repeat":"repeat","background-position":"center center","background-size":"auto","background-attachment":"scroll","background-type":"","background-media":"","overlay-type":"","overlay-color":"","overlay-opacity":"","overlay-gradient":""},"mobile":{"background-color":"var(--ast-global-color-5)","background-image":"","background-repeat":"repeat","background-position":"center center","background-size":"auto","background-attachment":"scroll","background-type":"","background-media":"","overlay-type":"","overlay-color":"","overlay-opacity":"","overlay-gradient":""}},"footnotes":""},"categories":[3],"tags":[],"class_list":["post-2303","post","type-post","status-publish","format-standard","has-post-thumbnail","hentry","category-commerces"],"uagb_featured_image_src":{"full":["https:\/\/delebarrearchitecture.fr\/wp-content\/uploads\/2024\/09\/auneau-ancien-facade-avant-apres-rehabilitation-28-delebarre-architecture-commerces-locaux-pmr.jpg",1920,1281,false],"thumbnail":["https:\/\/delebarrearchitecture.fr\/wp-content\/uploads\/2024\/09\/auneau-ancien-facade-avant-apres-rehabilitation-28-delebarre-architecture-commerces-locaux-pmr-150x150.jpg",150,150,true],"medium":["https:\/\/delebarrearchitecture.fr\/wp-content\/uploads\/2024\/09\/auneau-ancien-facade-avant-apres-rehabilitation-28-delebarre-architecture-commerces-locaux-pmr-300x200.jpg",300,200,true],"medium_large":["https:\/\/delebarrearchitecture.fr\/wp-content\/uploads\/2024\/09\/auneau-ancien-facade-avant-apres-rehabilitation-28-delebarre-architecture-commerces-locaux-pmr-768x512.jpg",768,512,true],"large":["https:\/\/delebarrearchitecture.fr\/wp-content\/uploads\/2024\/09\/auneau-ancien-facade-avant-apres-rehabilitation-28-delebarre-architecture-commerces-locaux-pmr-1024x683.jpg",1024,683,true],"1536x1536":["https:\/\/delebarrearchitecture.fr\/wp-content\/uploads\/2024\/09\/auneau-ancien-facade-avant-apres-rehabilitation-28-delebarre-architecture-commerces-locaux-pmr-1536x1025.jpg",1536,1025,true],"2048x2048":["https:\/\/delebarrearchitecture.fr\/wp-content\/uploads\/2024\/09\/auneau-ancien-facade-avant-apres-rehabilitation-28-delebarre-architecture-commerces-locaux-pmr.jpg",1920,1281,false]},"uagb_author_info":{"display_name":"admin6667","author_link":"https:\/\/delebarrearchitecture.fr\/index.php\/author\/admin6667\/"},"uagb_comment_info":0,"uagb_excerpt":"Probl\u00e9matique : Rendre une fonction \u00e0 un b\u00e2timent inutilis\u00e9 du centre ville Le projet : Cr\u00e9er de nouveaux commerces via [&hellip;]","_links":{"self":[{"href":"https:\/\/delebarrearchitecture.fr\/index.php\/wp-json\/wp\/v2\/posts\/2303","targetHints":{"allow":["GET"]}}],"collection":[{"href":"https:\/\/delebarrearchitecture.fr\/index.php\/wp-json\/wp\/v2\/posts"}],"about":[{"href":"https:\/\/delebarrearchitecture.fr\/index.php\/wp-json\/wp\/v2\/types\/post"}],"author":[{"embeddable":true,"href":"https:\/\/delebarrearchitecture.fr\/index.php\/wp-json\/wp\/v2\/users\/1"}],"replies":[{"embeddable":true,"href":"https:\/\/delebarrearchitecture.fr\/index.php\/wp-json\/wp\/v2\/comments?post=2303"}],"version-history":[{"count":2,"href":"https:\/\/delebarrearchitecture.fr\/index.php\/wp-json\/wp\/v2\/posts\/2303\/revisions"}],"predecessor-version":[{"id":2782,"href":"https:\/\/delebarrearchitecture.fr\/index.php\/wp-json\/wp\/v2\/posts\/2303\/revisions\/2782"}],"wp:featuredmedia":[{"embeddable":true,"href":"https:\/\/delebarrearchitecture.fr\/index.php\/wp-json\/wp\/v2\/media\/2742"}],"wp:attachment":[{"href":"https:\/\/delebarrearchitecture.fr\/index.php\/wp-json\/wp\/v2\/media?parent=2303"}],"wp:term":[{"taxonomy":"category","embeddable":true,"href":"https:\/\/delebarrearchitecture.fr\/index.php\/wp-json\/wp\/v2\/categories?post=2303"},{"taxonomy":"post_tag","embeddable":true,"href":"https:\/\/delebarrearchitecture.fr\/index.php\/wp-json\/wp\/v2\/tags?post=2303"}],"curies":[{"name":"wp","href":"https:\/\/api.w.org\/{rel}","templated":true}]}}